{"id":59,"date":"2024-11-15T10:26:56","date_gmt":"2024-11-15T10:26:56","guid":{"rendered":"https:\/\/www.lerepertoire.com\/blog\/?p=59"},"modified":"2025-01-27T15:37:17","modified_gmt":"2025-01-27T15:37:17","slug":"a-la-decouverte-du-palais-des-papes","status":"publish","type":"post","link":"https:\/\/www.lerepertoire.com\/blog\/fr\/a-la-decouverte-du-palais-des-papes\/","title":{"rendered":"\u00c0 la d\u00e9couverte du Palais des Papes"},"content":{"rendered":"<p><style>\/*! elementor - v3.19.0 - 28-02-2024 *\/<br \/>\n.elementor-heading-title{padding:0;margin:0;line-height:1}.elementor-widget-heading .elementor-heading-title[class*=elementor-size-]>a{color:inherit;font-size:inherit;line-height:inherit}.elementor-widget-heading .elementor-heading-title.elementor-size-small{font-size:15px}.elementor-widget-heading .elementor-heading-title.elementor-size-medium{font-size:19px}.elementor-widget-heading .elementor-heading-title.elementor-size-large{font-size:29px}.elementor-widget-heading .elementor-heading-title.elementor-size-xl{font-size:39px}.elementor-widget-heading .elementor-heading-title.elementor-size-xxl{font-size:59px}<\/style><\/p>\n<h2 style=\"text-align: left;\">\u00c0 la d\u00e9couverte du Palais des Papes<\/h2>\n<p style=\"text-align: left;\"><style>\/*! elementor - v3.19.0 - 28-02-2024 *\/<br \/>\n.elementor-widget-image{text-align:center}.elementor-widget-image a{display:inline-block}.elementor-widget-image a img[src$=\".svg\"]{width:48px}.elementor-widget-image img{vertical-align:middle;display:inline-block}<\/style><\/p>\n<p style=\"text-align: left;\"><img decoding=\"async\" class=\"aligncenter\" title=\"IMG_1823 copie\" src=\"https:\/\/www.lerepertoire.com\/blog\/wp-content\/uploads\/elementor\/thumbs\/IMG_1823-copie-scaled-qx369mne3aqsbsup6dnng1sawow545swk04jhqp3y8.jpg\" alt=\"IMG_1823 copie\" \/><\/p>\n<p style=\"text-align: left;\">Perch\u00e9 sur les hauteurs d\u2019Avignon, le Palais des Papes s&rsquo;impose comme un monument embl\u00e9matique de l&rsquo;histoire europ\u00e9enne. Forteresse, palais et centre spirituel, ce chef-d&rsquo;\u0153uvre gothique raconte l&rsquo;histoire fascinante d&rsquo;une \u00e9poque o\u00f9 la papaut\u00e9 a quitt\u00e9 Rome pour s\u2019installer dans cette ville proven\u00e7ale. Ce lieu embl\u00e9matique, inscrit au patrimoine mondial de l&rsquo;UNESCO, est un incontournable pour les amateurs d&rsquo;histoire, d&rsquo;architecture et de culture<\/p>\n<p style=\"text-align: left;\">Le Palais des Papes n&rsquo;est pas seulement un b\u00e2timent ; c&rsquo;est un v\u00e9ritable voyage dans le temps. Construit au XIVe si\u00e8cle, il fut la r\u00e9sidence de sept papes durant la p\u00e9riode de la papaut\u00e9 d&rsquo;Avignon. L&rsquo;histoire de cet \u00e9difice commence en 1309, lorsque Cl\u00e9ment V choisit de fuir les troubles de Rome pour \u00e9tablir sa cour en Provence. En peu de temps, Avignon devient le c\u0153ur du catholicisme, et le Palais se transforme en un symbole de pouvoir spirituel et politique.<\/p>\n<p style=\"text-align: left;\"><img fetchpriority=\"high\" decoding=\"async\" class=\"aligncenter\" title=\"IMG_1399 2\" src=\"https:\/\/www.lerepertoire.com\/blog\/wp-content\/uploads\/elementor\/thumbs\/IMG_1399-2-2-scaled-qx3767pmtzlp2qo4y1ipsjr1jpfugssyvgm865lsuk.jpeg\" alt=\"IMG_1399 2\" width=\"500\" height=\"750\" \/><\/p>\n<p style=\"text-align: left;\">L\u2019architecture du Palais des Papes est tout aussi captivante que son histoire. M\u00e9lange subtil de styles gothique et m\u00e9di\u00e9val, le palais se distingue par ses murs \u00e9pais, ses tours majestueuses et ses vo\u00fbtes \u00e9l\u00e9gantes. S&rsquo;\u00e9tendant sur pr\u00e8s de 15 000 m\u00e8tres carr\u00e9s, c&rsquo;est l&rsquo;un des plus grands palais gothiques d&rsquo;Europe. Chaque salle, chaque couloir, porte les marques du savoir-faire des artisans de l\u2019\u00e9poque. En entrant dans la Grande Chapelle, vous serez \u00e9bloui par la hauteur de ses vo\u00fbtes et la beaut\u00e9 de ses fresques. Les visiteurs peuvent \u00e9galement explorer les appartements priv\u00e9s des papes, o\u00f9 l\u2019on d\u00e9couvre des \u00e9l\u00e9ments d\u00e9coratifs raffin\u00e9s qui t\u00e9moignent du go\u00fbt et de la richesse de ces dignitaires.<\/p>\n<p style=\"text-align: left;\">Le Palais des Papes ne se limite pas \u00e0 \u00eatre un mus\u00e9e ; c&rsquo;est un lieu vivant de culture et d\u2019\u00e9v\u00e9nements. Chaque \u00e9t\u00e9, il accueille le c\u00e9l\u00e8bre Festival d&rsquo;Avignon, qui attire des artistes et des spectateurs du monde entier. Le palais devient alors une sc\u00e8ne vibrante o\u00f9 la cr\u00e9ativit\u00e9 prend vie.Lors de vos s\u00e9jours, vous pourrez profiter des expositions temporaires, des concerts et des spectacles organis\u00e9s, rendant hommage \u00e0 l&rsquo;h\u00e9ritage culturel de la r\u00e9gion. Les jardins environnants offrent un espace paisible pour se d\u00e9tendre, tout en profitant d\u2019une vue imprenable sur la ville et le Rh\u00f4ne. C&rsquo;est l&rsquo;endroit id\u00e9al pour s&rsquo;immerger dans l\u2019atmosph\u00e8re unique d&rsquo;Avignon.<\/p>\n<p style=\"text-align: left;\"><img decoding=\"async\" class=\"aligncenter\" title=\"IMG_9568\" src=\"https:\/\/www.lerepertoire.com\/blog\/wp-content\/uploads\/elementor\/thumbs\/IMG_9568-qx37ixh1ab0c4u77p1e10u8iucrllea8yebovwr2oc.jpg\" alt=\"IMG_9568\" \/><\/p>\n<p style=\"text-align: left;\">Le Palais des Papes est \u00e0 5 minutes \u00e0 pieds de nos Maison Antoine et J\u00e9r\u00f4me et \u00e0 30 minutes en voitures de nos Maisons situ\u00e9es \u00e0 Pernes-les-Fontaines<\/p>\n<p style=\"text-align: left;\">Plongez dans l\u2019histoire et laissez-vous envo\u00fbter par la majest\u00e9 du Palais des Papes !<\/p>\n\n\n<p><\/p>\n","protected":false},"excerpt":{"rendered":"<p>\u00c0 la d\u00e9couverte du Palais des Papes Perch\u00e9 sur les hauteurs d\u2019Avignon, le Palais des Papes s&rsquo;impose comme un monument&#8230;<\/p>\n","protected":false},"author":2,"featured_media":83,"comment_status":"open","ping_status":"open","sticky":false,"template":"","format":"standard","meta":{"footnotes":""},"categories":[11],"tags":[],"class_list":["post-59","post","type-post","status-publish","format-standard","has-post-thumbnail","hentry","category-les-tresors-de-provence"],"yoast_head":"<!-- This site is optimized with the Yoast SEO plugin v26.4 - https:\/\/yoast.com\/wordpress\/plugins\/seo\/ -->\n<title>\u00c0 la d\u00e9couverte du Palais des Papes - Blog<\/title>\n<meta name=\"robots\" content=\"index, follow, max-snippet:-1, max-image-preview:large, max-video-preview:-1\" \/>\n<link rel=\"canonical\" href=\"https:\/\/www.lerepertoire.com\/blog\/fr\/a-la-decouverte-du-palais-des-papes\/\" \/>\n<meta property=\"og:locale\" content=\"fr_FR\" \/>\n<meta property=\"og:type\" content=\"article\" \/>\n<meta property=\"og:title\" content=\"\u00c0 la d\u00e9couverte du Palais des Papes - Blog\" \/>\n<meta property=\"og:description\" content=\"\u00c0 la d\u00e9couverte du Palais des Papes Perch\u00e9 sur les hauteurs d\u2019Avignon, le Palais des Papes s&rsquo;impose comme un monument...\" \/>\n<meta property=\"og:url\" content=\"https:\/\/www.lerepertoire.com\/blog\/fr\/a-la-decouverte-du-palais-des-papes\/\" \/>\n<meta property=\"og:site_name\" content=\"Blog\" \/>\n<meta property=\"article:published_time\" content=\"2024-11-15T10:26:56+00:00\" \/>\n<meta property=\"article:modified_time\" content=\"2025-01-27T15:37:17+00:00\" \/>\n<meta property=\"og:image\" content=\"https:\/\/www.lerepertoire.com\/blog\/wp-content\/uploads\/2024\/11\/image-1.png\" \/>\n\t<meta property=\"og:image:width\" content=\"496\" \/>\n\t<meta property=\"og:image:height\" content=\"744\" \/>\n\t<meta property=\"og:image:type\" content=\"image\/png\" \/>\n<meta name=\"author\" content=\"lerepertoire\" \/>\n<meta name=\"twitter:card\" content=\"summary_large_image\" \/>\n<meta name=\"twitter:label1\" content=\"\u00c9crit par\" \/>\n\t<meta name=\"twitter:data1\" content=\"lerepertoire\" \/>\n\t<meta name=\"twitter:label2\" content=\"Dur\u00e9e de lecture estim\u00e9e\" \/>\n\t<meta name=\"twitter:data2\" content=\"3 minutes\" \/>\n<script type=\"application\/ld+json\" class=\"yoast-schema-graph\">{\"@context\":\"https:\/\/schema.org\",\"@graph\":[{\"@type\":\"WebPage\",\"@id\":\"https:\/\/www.lerepertoire.com\/blog\/fr\/a-la-decouverte-du-palais-des-papes\/\",\"url\":\"https:\/\/www.lerepertoire.com\/blog\/fr\/a-la-decouverte-du-palais-des-papes\/\",\"name\":\"\u00c0 la d\u00e9couverte du Palais des Papes - Blog\",\"isPartOf\":{\"@id\":\"https:\/\/www.lerepertoire.com\/blog\/fr\/#website\"},\"primaryImageOfPage\":{\"@id\":\"https:\/\/www.lerepertoire.com\/blog\/fr\/a-la-decouverte-du-palais-des-papes\/#primaryimage\"},\"image\":{\"@id\":\"https:\/\/www.lerepertoire.com\/blog\/fr\/a-la-decouverte-du-palais-des-papes\/#primaryimage\"},\"thumbnailUrl\":\"https:\/\/www.lerepertoire.com\/blog\/wp-content\/uploads\/2024\/11\/image-1.png\",\"datePublished\":\"2024-11-15T10:26:56+00:00\",\"dateModified\":\"2025-01-27T15:37:17+00:00\",\"author\":{\"@id\":\"https:\/\/www.lerepertoire.com\/blog\/fr\/#\/schema\/person\/febaa3a863e3d7bf7843bf40bc0a4a21\"},\"breadcrumb\":{\"@id\":\"https:\/\/www.lerepertoire.com\/blog\/fr\/a-la-decouverte-du-palais-des-papes\/#breadcrumb\"},\"inLanguage\":\"fr-FR\",\"potentialAction\":[{\"@type\":\"ReadAction\",\"target\":[\"https:\/\/www.lerepertoire.com\/blog\/fr\/a-la-decouverte-du-palais-des-papes\/\"]}]},{\"@type\":\"ImageObject\",\"inLanguage\":\"fr-FR\",\"@id\":\"https:\/\/www.lerepertoire.com\/blog\/fr\/a-la-decouverte-du-palais-des-papes\/#primaryimage\",\"url\":\"https:\/\/www.lerepertoire.com\/blog\/wp-content\/uploads\/2024\/11\/image-1.png\",\"contentUrl\":\"https:\/\/www.lerepertoire.com\/blog\/wp-content\/uploads\/2024\/11\/image-1.png\",\"width\":496,\"height\":744},{\"@type\":\"BreadcrumbList\",\"@id\":\"https:\/\/www.lerepertoire.com\/blog\/fr\/a-la-decouverte-du-palais-des-papes\/#breadcrumb\",\"itemListElement\":[{\"@type\":\"ListItem\",\"position\":1,\"name\":\"Home\",\"item\":\"https:\/\/www.lerepertoire.com\/blog\/fr\/\"},{\"@type\":\"ListItem\",\"position\":2,\"name\":\"\u00c0 la d\u00e9couverte du Palais des Papes\"}]},{\"@type\":\"WebSite\",\"@id\":\"https:\/\/www.lerepertoire.com\/blog\/fr\/#website\",\"url\":\"https:\/\/www.lerepertoire.com\/blog\/fr\/\",\"name\":\"Blog\",\"description\":\"Le R\u00e9pertoire\",\"potentialAction\":[{\"@type\":\"SearchAction\",\"target\":{\"@type\":\"EntryPoint\",\"urlTemplate\":\"https:\/\/www.lerepertoire.com\/blog\/fr\/?s={search_term_string}\"},\"query-input\":{\"@type\":\"PropertyValueSpecification\",\"valueRequired\":true,\"valueName\":\"search_term_string\"}}],\"inLanguage\":\"fr-FR\"},{\"@type\":\"Person\",\"@id\":\"https:\/\/www.lerepertoire.com\/blog\/fr\/#\/schema\/person\/febaa3a863e3d7bf7843bf40bc0a4a21\",\"name\":\"lerepertoire\",\"image\":{\"@type\":\"ImageObject\",\"inLanguage\":\"fr-FR\",\"@id\":\"https:\/\/www.lerepertoire.com\/blog\/fr\/#\/schema\/person\/image\/\",\"url\":\"https:\/\/secure.gravatar.com\/avatar\/c4a0b0c8d04c6df59110ffe77580a28b30c90310e3ccd09dfc219bb00c70b59f?s=96&d=mm&r=g\",\"contentUrl\":\"https:\/\/secure.gravatar.com\/avatar\/c4a0b0c8d04c6df59110ffe77580a28b30c90310e3ccd09dfc219bb00c70b59f?s=96&d=mm&r=g\",\"caption\":\"lerepertoire\"},\"url\":\"https:\/\/www.lerepertoire.com\/blog\/fr\/author\/lerepertoire\/\"}]}<\/script>\n<!-- \/ Yoast SEO plugin. -->","yoast_head_json":{"title":"\u00c0 la d\u00e9couverte du Palais des Papes - Blog","robots":{"index":"index","follow":"follow","max-snippet":"max-snippet:-1","max-image-preview":"max-image-preview:large","max-video-preview":"max-video-preview:-1"},"canonical":"https:\/\/www.lerepertoire.com\/blog\/fr\/a-la-decouverte-du-palais-des-papes\/","og_locale":"fr_FR","og_type":"article","og_title":"\u00c0 la d\u00e9couverte du Palais des Papes - Blog","og_description":"\u00c0 la d\u00e9couverte du Palais des Papes Perch\u00e9 sur les hauteurs d\u2019Avignon, le Palais des Papes s&rsquo;impose comme un monument...","og_url":"https:\/\/www.lerepertoire.com\/blog\/fr\/a-la-decouverte-du-palais-des-papes\/","og_site_name":"Blog","article_published_time":"2024-11-15T10:26:56+00:00","article_modified_time":"2025-01-27T15:37:17+00:00","og_image":[{"width":496,"height":744,"url":"https:\/\/www.lerepertoire.com\/blog\/wp-content\/uploads\/2024\/11\/image-1.png","type":"image\/png"}],"author":"lerepertoire","twitter_card":"summary_large_image","twitter_misc":{"\u00c9crit par":"lerepertoire","Dur\u00e9e de lecture estim\u00e9e":"3 minutes"},"schema":{"@context":"https:\/\/schema.org","@graph":[{"@type":"WebPage","@id":"https:\/\/www.lerepertoire.com\/blog\/fr\/a-la-decouverte-du-palais-des-papes\/","url":"https:\/\/www.lerepertoire.com\/blog\/fr\/a-la-decouverte-du-palais-des-papes\/","name":"\u00c0 la d\u00e9couverte du Palais des Papes - Blog","isPartOf":{"@id":"https:\/\/www.lerepertoire.com\/blog\/fr\/#website"},"primaryImageOfPage":{"@id":"https:\/\/www.lerepertoire.com\/blog\/fr\/a-la-decouverte-du-palais-des-papes\/#primaryimage"},"image":{"@id":"https:\/\/www.lerepertoire.com\/blog\/fr\/a-la-decouverte-du-palais-des-papes\/#primaryimage"},"thumbnailUrl":"https:\/\/www.lerepertoire.com\/blog\/wp-content\/uploads\/2024\/11\/image-1.png","datePublished":"2024-11-15T10:26:56+00:00","dateModified":"2025-01-27T15:37:17+00:00","author":{"@id":"https:\/\/www.lerepertoire.com\/blog\/fr\/#\/schema\/person\/febaa3a863e3d7bf7843bf40bc0a4a21"},"breadcrumb":{"@id":"https:\/\/www.lerepertoire.com\/blog\/fr\/a-la-decouverte-du-palais-des-papes\/#breadcrumb"},"inLanguage":"fr-FR","potentialAction":[{"@type":"ReadAction","target":["https:\/\/www.lerepertoire.com\/blog\/fr\/a-la-decouverte-du-palais-des-papes\/"]}]},{"@type":"ImageObject","inLanguage":"fr-FR","@id":"https:\/\/www.lerepertoire.com\/blog\/fr\/a-la-decouverte-du-palais-des-papes\/#primaryimage","url":"https:\/\/www.lerepertoire.com\/blog\/wp-content\/uploads\/2024\/11\/image-1.png","contentUrl":"https:\/\/www.lerepertoire.com\/blog\/wp-content\/uploads\/2024\/11\/image-1.png","width":496,"height":744},{"@type":"BreadcrumbList","@id":"https:\/\/www.lerepertoire.com\/blog\/fr\/a-la-decouverte-du-palais-des-papes\/#breadcrumb","itemListElement":[{"@type":"ListItem","position":1,"name":"Home","item":"https:\/\/www.lerepertoire.com\/blog\/fr\/"},{"@type":"ListItem","position":2,"name":"\u00c0 la d\u00e9couverte du Palais des Papes"}]},{"@type":"WebSite","@id":"https:\/\/www.lerepertoire.com\/blog\/fr\/#website","url":"https:\/\/www.lerepertoire.com\/blog\/fr\/","name":"Blog","description":"Le R\u00e9pertoire","potentialAction":[{"@type":"SearchAction","target":{"@type":"EntryPoint","urlTemplate":"https:\/\/www.lerepertoire.com\/blog\/fr\/?s={search_term_string}"},"query-input":{"@type":"PropertyValueSpecification","valueRequired":true,"valueName":"search_term_string"}}],"inLanguage":"fr-FR"},{"@type":"Person","@id":"https:\/\/www.lerepertoire.com\/blog\/fr\/#\/schema\/person\/febaa3a863e3d7bf7843bf40bc0a4a21","name":"lerepertoire","image":{"@type":"ImageObject","inLanguage":"fr-FR","@id":"https:\/\/www.lerepertoire.com\/blog\/fr\/#\/schema\/person\/image\/","url":"https:\/\/secure.gravatar.com\/avatar\/c4a0b0c8d04c6df59110ffe77580a28b30c90310e3ccd09dfc219bb00c70b59f?s=96&d=mm&r=g","contentUrl":"https:\/\/secure.gravatar.com\/avatar\/c4a0b0c8d04c6df59110ffe77580a28b30c90310e3ccd09dfc219bb00c70b59f?s=96&d=mm&r=g","caption":"lerepertoire"},"url":"https:\/\/www.lerepertoire.com\/blog\/fr\/author\/lerepertoire\/"}]}},"_links":{"self":[{"href":"https:\/\/www.lerepertoire.com\/blog\/fr\/wp-json\/wp\/v2\/posts\/59","targetHints":{"allow":["GET"]}}],"collection":[{"href":"https:\/\/www.lerepertoire.com\/blog\/fr\/wp-json\/wp\/v2\/posts"}],"about":[{"href":"https:\/\/www.lerepertoire.com\/blog\/fr\/wp-json\/wp\/v2\/types\/post"}],"author":[{"embeddable":true,"href":"https:\/\/www.lerepertoire.com\/blog\/fr\/wp-json\/wp\/v2\/users\/2"}],"replies":[{"embeddable":true,"href":"https:\/\/www.lerepertoire.com\/blog\/fr\/wp-json\/wp\/v2\/comments?post=59"}],"version-history":[{"count":51,"href":"https:\/\/www.lerepertoire.com\/blog\/fr\/wp-json\/wp\/v2\/posts\/59\/revisions"}],"predecessor-version":[{"id":153,"href":"https:\/\/www.lerepertoire.com\/blog\/fr\/wp-json\/wp\/v2\/posts\/59\/revisions\/153"}],"wp:featuredmedia":[{"embeddable":true,"href":"https:\/\/www.lerepertoire.com\/blog\/fr\/wp-json\/wp\/v2\/media\/83"}],"wp:attachment":[{"href":"https:\/\/www.lerepertoire.com\/blog\/fr\/wp-json\/wp\/v2\/media?parent=59"}],"wp:term":[{"taxonomy":"category","embeddable":true,"href":"https:\/\/www.lerepertoire.com\/blog\/fr\/wp-json\/wp\/v2\/categories?post=59"},{"taxonomy":"post_tag","embeddable":true,"href":"https:\/\/www.lerepertoire.com\/blog\/fr\/wp-json\/wp\/v2\/tags?post=59"}],"curies":[{"name":"wp","href":"https:\/\/api.w.org\/{rel}","templated":true}]}}