{"id":234,"date":"2025-03-28T14:54:30","date_gmt":"2025-03-28T14:54:30","guid":{"rendered":"https:\/\/www.lerepertoire.com\/blog\/?p=234"},"modified":"2025-03-28T15:14:53","modified_gmt":"2025-03-28T15:14:53","slug":"elementor-234","status":"publish","type":"post","link":"https:\/\/www.lerepertoire.com\/blog\/fr\/elementor-234\/","title":{"rendered":"La Maison C\u00e9cile : l\u2019art de vivre proven\u00e7al au printemps"},"content":{"rendered":"\t\t<div data-elementor-type=\"wp-post\" data-elementor-id=\"234\" class=\"elementor elementor-234\">\n\t\t\t\t<div class=\"elementor-element elementor-element-36a2703 e-flex e-con-boxed e-con e-parent\" data-id=\"36a2703\" data-element_type=\"container\">\n\t\t\t\t\t<div class=\"e-con-inner\">\n\t\t\t\t<div class=\"elementor-element elementor-element-0db874a elementor-widget elementor-widget-heading\" data-id=\"0db874a\" data-element_type=\"widget\" data-widget_type=\"heading.default\">\n\t\t\t\t<div class=\"elementor-widget-container\">\n\t\t\t\t\t<h2 class=\"elementor-heading-title elementor-size-default\">La Maison C\u00e9cile : l'art de vivre proven\u00e7al au printemps\u200b<\/h2>\t\t\t\t<\/div>\n\t\t\t\t<\/div>\n\t\t\t\t<div class=\"elementor-element elementor-element-6f2ff66 elementor-widget elementor-widget-text-editor\" data-id=\"6f2ff66\" data-element_type=\"widget\" data-widget_type=\"text-editor.default\">\n\t\t\t\t<div class=\"elementor-widget-container\">\n\t\t\t\t\t\t\t\t\t<p>Avec l\u2019arriv\u00e9e du printemps, la Provence se r\u00e9veille sous un ciel \u00e9clatant, baign\u00e9e de lumi\u00e8re et de senteurs enivrantes. C\u2019est le moment id\u00e9al pour red\u00e9couvrir la Maison C\u00e9cile, un lieu unique du R\u00e9pertoire o\u00f9 authenticit\u00e9 et \u00e9l\u00e9gance se rencontrent. Nich\u00e9e au c\u0153ur de la Provence, cette demeure embl\u00e9matique incarne \u00e0 merveille l&rsquo;art de vivre local.<\/p>\t\t\t\t\t\t\t\t<\/div>\n\t\t\t\t<\/div>\n\t\t\t\t<div class=\"elementor-element elementor-element-2470a6c elementor-widget elementor-widget-image\" data-id=\"2470a6c\" data-element_type=\"widget\" data-widget_type=\"image.default\">\n\t\t\t\t<div class=\"elementor-widget-container\">\n\t\t\t\t\t\t\t\t\t\t\t\t\t\t\t<img fetchpriority=\"high\" decoding=\"async\" width=\"751\" height=\"246\" src=\"https:\/\/www.lerepertoire.com\/blog\/wp-content\/uploads\/2025\/03\/AlisonDoffe_Portrait-LeRepertoire-PernesLesFontaines_MaisonCecile-HD-010-1920x630.jpg\" class=\"attachment-large size-large wp-image-223\" alt=\"\" \/>\t\t\t\t\t\t\t\t\t\t\t\t\t\t\t<\/div>\n\t\t\t\t<\/div>\n\t\t\t\t<div class=\"elementor-element elementor-element-8094092 elementor-widget elementor-widget-text-editor\" data-id=\"8094092\" data-element_type=\"widget\" data-widget_type=\"text-editor.default\">\n\t\t\t\t<div class=\"elementor-widget-container\">\n\t\t\t\t\t\t\t\t\t<p>La Maison C\u00e9cile n\u2019est pas une simple demeure : elle est le reflet d\u2019un h\u00e9ritage, celui d\u2019un savoir-faire et d\u2019une passion pour la culture proven\u00e7ale. Chaque pierre, chaque meuble et chaque d\u00e9tail de d\u00e9coration ont \u00e9t\u00e9 pens\u00e9s pour offrir une exp\u00e9rience immersive. Ici, le temps semble suspendu, laissant place \u00e0 la qui\u00e9tude et \u00e0 l\u2019\u00e9l\u00e9gance d\u2019un cadre exceptionnel.<\/p><p>Au printemps, la Maison C\u00e9cile se pare de couleurs et de senteurs qui en font un v\u00e9ritable havre de paix. Les jardins fleuris offrent un spectacle envo\u00fbtant, o\u00f9 lavandes, glycines et rosiers anciens s\u2019\u00e9panouissent sous le soleil radieux. Les espaces ext\u00e9rieurs invitent \u00e0 la d\u00e9tente : un petit-d\u00e9jeuner sur la terrasse ensoleill\u00e9e, une pause lecture \u00e0 l\u2019ombre des oliviers, ou encore un ap\u00e9ritif au coucher du soleil.<\/p>\t\t\t\t\t\t\t\t<\/div>\n\t\t\t\t<\/div>\n\t\t\t\t<div class=\"elementor-element elementor-element-69c828a elementor-widget elementor-widget-image\" data-id=\"69c828a\" data-element_type=\"widget\" data-widget_type=\"image.default\">\n\t\t\t\t<div class=\"elementor-widget-container\">\n\t\t\t\t\t\t\t\t\t\t\t\t\t\t\t<img decoding=\"async\" src=\"https:\/\/www.lerepertoire.com\/blog\/wp-content\/uploads\/elementor\/thumbs\/AlisonDoffe_Portrait-LeRepertoire-PernesLesFontaines_MaisonCecile-HD-004-scaled-r3j2e2jvqogxu6dglds3pfiabywple6hilwdqc9a3c.jpg\" title=\"Le R\u00e9pertoire\" alt=\"Le R\u00e9pertoire\" loading=\"lazy\" \/>\t\t\t\t\t\t\t\t\t\t\t\t\t\t\t<\/div>\n\t\t\t\t<\/div>\n\t\t\t\t<div class=\"elementor-element elementor-element-b481a8f elementor-widget elementor-widget-text-editor\" data-id=\"b481a8f\" data-element_type=\"widget\" data-widget_type=\"text-editor.default\">\n\t\t\t\t<div class=\"elementor-widget-container\">\n\t\t\t\t\t\t\t\t\t<p>Si la Maison C\u00e9cile c\u00e9l\u00e8bre le charme d\u2019antan, elle n\u2019en oublie pas pour autant le confort moderne. Chaque pi\u00e8ce a \u00e9t\u00e9 am\u00e9nag\u00e9e avec soin pour allier esth\u00e9tique et bien-\u00eatre. Des mat\u00e9riaux nobles, des couleurs douces et une lumi\u00e8re naturelle omnipr\u00e9sente cr\u00e9ent une atmosph\u00e8re chaleureuse et apaisante.<\/p><p>S\u00e9journer \u00e0 la Maison C\u00e9cile, c\u2019est aussi partir \u00e0 la d\u00e9couverte des tr\u00e9sors de la r\u00e9gion. Les march\u00e9s proven\u00e7aux regorgent de produits locaux : fraises de Carpentras, asperges fra\u00eeches, huiles d\u2019olive parfum\u00e9es\u2026 De quoi \u00e9veiller les papilles et concocter des repas aux saveurs m\u00e9diterran\u00e9ennes. Les balades alentour, entre vignes et champs de coquelicots, offrent une immersion dans une nature pr\u00e9serv\u00e9e et lumineuse.<\/p>\t\t\t\t\t\t\t\t<\/div>\n\t\t\t\t<\/div>\n\t\t\t\t<div class=\"elementor-element elementor-element-0a7a31a elementor-widget elementor-widget-image\" data-id=\"0a7a31a\" data-element_type=\"widget\" data-widget_type=\"image.default\">\n\t\t\t\t<div class=\"elementor-widget-container\">\n\t\t\t\t\t\t\t\t\t\t\t\t\t\t\t<img decoding=\"async\" src=\"https:\/\/www.lerepertoire.com\/blog\/wp-content\/uploads\/elementor\/thumbs\/AlisonDoffe_Portrait-LeRepertoire-PernesLesFontaines_MaisonCecile-HD-002-scaled-r3j2man1jhq9fcfdkfrl0ushgcdby1txnbebwi29nc.jpg\" title=\"Le R\u00e9pertoire\" alt=\"Le R\u00e9pertoire\" loading=\"lazy\" \/>\t\t\t\t\t\t\t\t\t\t\t\t\t\t\t<\/div>\n\t\t\t\t<\/div>\n\t\t\t\t<div class=\"elementor-element elementor-element-e597ea6 elementor-widget elementor-widget-text-editor\" data-id=\"e597ea6\" data-element_type=\"widget\" data-widget_type=\"text-editor.default\">\n\t\t\t\t<div class=\"elementor-widget-container\">\n\t\t\t\t\t\t\t\t\t<p>Plus qu\u2019un simple lieu de vie, la Maison C\u00e9cile est une v\u00e9ritable invitation au bien-\u00eatre et \u00e0 la contemplation. Ici, chaque moment est une ode \u00e0 la douceur de vivre proven\u00e7ale, entre tradition et s\u00e9r\u00e9nit\u00e9.<\/p><p>Avec le retour des beaux jours, pourquoi ne pas s\u2019accorder une parenth\u00e8se hors du temps \u00e0 la Maison C\u00e9cile ? Un lieu o\u00f9 le printemps se vit pleinement, dans une atmosph\u00e8re empreinte de charme et d\u2019authenticit\u00e9.<\/p>\t\t\t\t\t\t\t\t<\/div>\n\t\t\t\t<\/div>\n\t\t\t\t\t<\/div>\n\t\t\t\t<\/div>\n\t\t\t\t<\/div>\n\t\t","protected":false},"excerpt":{"rendered":"<p>La Maison C\u00e9cile : l&rsquo;art de vivre proven\u00e7al au printemps\u200b Avec l\u2019arriv\u00e9e du printemps, la Provence se r\u00e9veille sous un&#8230;<\/p>\n","protected":false},"author":2,"featured_media":225,"comment_status":"open","ping_status":"open","sticky":false,"template":"","format":"standard","meta":{"footnotes":""},"categories":[9],"tags":[],"class_list":["post-234","post","type-post","status-publish","format-standard","has-post-thumbnail","hentry","category-pernes-les-fontaines"],"yoast_head":"<!-- This site is optimized with the Yoast SEO plugin v26.4 - https:\/\/yoast.com\/wordpress\/plugins\/seo\/ -->\n<title>La Maison C\u00e9cile : l\u2019art de vivre proven\u00e7al au printemps - Blog<\/title>\n<meta name=\"robots\" content=\"index, follow, max-snippet:-1, max-image-preview:large, max-video-preview:-1\" \/>\n<link rel=\"canonical\" href=\"https:\/\/www.lerepertoire.com\/blog\/fr\/elementor-234\/\" \/>\n<meta property=\"og:locale\" content=\"fr_FR\" \/>\n<meta property=\"og:type\" content=\"article\" \/>\n<meta property=\"og:title\" content=\"La Maison C\u00e9cile : l\u2019art de vivre proven\u00e7al au printemps - Blog\" \/>\n<meta property=\"og:description\" content=\"La Maison C\u00e9cile : l&rsquo;art de vivre proven\u00e7al au printemps\u200b Avec l\u2019arriv\u00e9e du printemps, la Provence se r\u00e9veille sous un...\" \/>\n<meta property=\"og:url\" content=\"https:\/\/www.lerepertoire.com\/blog\/fr\/elementor-234\/\" \/>\n<meta property=\"og:site_name\" content=\"Blog\" \/>\n<meta property=\"article:published_time\" content=\"2025-03-28T14:54:30+00:00\" \/>\n<meta property=\"article:modified_time\" content=\"2025-03-28T15:14:53+00:00\" \/>\n<meta property=\"og:image\" content=\"https:\/\/www.lerepertoire.com\/blog\/wp-content\/uploads\/2025\/03\/AlisonDoffe_Portrait-LeRepertoire-PernesLesFontaines_MaisonCecile-HD-004-scaled.jpg\" \/>\n\t<meta property=\"og:image:width\" content=\"1707\" \/>\n\t<meta property=\"og:image:height\" content=\"2560\" \/>\n\t<meta property=\"og:image:type\" content=\"image\/jpeg\" \/>\n<meta name=\"author\" content=\"lerepertoire\" \/>\n<meta name=\"twitter:card\" content=\"summary_large_image\" \/>\n<meta name=\"twitter:label1\" content=\"\u00c9crit par\" \/>\n\t<meta name=\"twitter:data1\" content=\"lerepertoire\" \/>\n\t<meta name=\"twitter:label2\" content=\"Dur\u00e9e de lecture estim\u00e9e\" \/>\n\t<meta name=\"twitter:data2\" content=\"3 minutes\" \/>\n<script type=\"application\/ld+json\" class=\"yoast-schema-graph\">{\"@context\":\"https:\/\/schema.org\",\"@graph\":[{\"@type\":\"WebPage\",\"@id\":\"https:\/\/www.lerepertoire.com\/blog\/fr\/elementor-234\/\",\"url\":\"https:\/\/www.lerepertoire.com\/blog\/fr\/elementor-234\/\",\"name\":\"La Maison C\u00e9cile : l\u2019art de vivre proven\u00e7al au printemps - Blog\",\"isPartOf\":{\"@id\":\"https:\/\/www.lerepertoire.com\/blog\/fr\/#website\"},\"primaryImageOfPage\":{\"@id\":\"https:\/\/www.lerepertoire.com\/blog\/fr\/elementor-234\/#primaryimage\"},\"image\":{\"@id\":\"https:\/\/www.lerepertoire.com\/blog\/fr\/elementor-234\/#primaryimage\"},\"thumbnailUrl\":\"https:\/\/www.lerepertoire.com\/blog\/wp-content\/uploads\/2025\/03\/AlisonDoffe_Portrait-LeRepertoire-PernesLesFontaines_MaisonCecile-HD-004-scaled.jpg\",\"datePublished\":\"2025-03-28T14:54:30+00:00\",\"dateModified\":\"2025-03-28T15:14:53+00:00\",\"author\":{\"@id\":\"https:\/\/www.lerepertoire.com\/blog\/fr\/#\/schema\/person\/febaa3a863e3d7bf7843bf40bc0a4a21\"},\"breadcrumb\":{\"@id\":\"https:\/\/www.lerepertoire.com\/blog\/fr\/elementor-234\/#breadcrumb\"},\"inLanguage\":\"fr-FR\",\"potentialAction\":[{\"@type\":\"ReadAction\",\"target\":[\"https:\/\/www.lerepertoire.com\/blog\/fr\/elementor-234\/\"]}]},{\"@type\":\"ImageObject\",\"inLanguage\":\"fr-FR\",\"@id\":\"https:\/\/www.lerepertoire.com\/blog\/fr\/elementor-234\/#primaryimage\",\"url\":\"https:\/\/www.lerepertoire.com\/blog\/wp-content\/uploads\/2025\/03\/AlisonDoffe_Portrait-LeRepertoire-PernesLesFontaines_MaisonCecile-HD-004-scaled.jpg\",\"contentUrl\":\"https:\/\/www.lerepertoire.com\/blog\/wp-content\/uploads\/2025\/03\/AlisonDoffe_Portrait-LeRepertoire-PernesLesFontaines_MaisonCecile-HD-004-scaled.jpg\",\"width\":1707,\"height\":2560},{\"@type\":\"BreadcrumbList\",\"@id\":\"https:\/\/www.lerepertoire.com\/blog\/fr\/elementor-234\/#breadcrumb\",\"itemListElement\":[{\"@type\":\"ListItem\",\"position\":1,\"name\":\"Home\",\"item\":\"https:\/\/www.lerepertoire.com\/blog\/fr\/\"},{\"@type\":\"ListItem\",\"position\":2,\"name\":\"La Maison C\u00e9cile : l\u2019art de vivre proven\u00e7al au printemps\"}]},{\"@type\":\"WebSite\",\"@id\":\"https:\/\/www.lerepertoire.com\/blog\/fr\/#website\",\"url\":\"https:\/\/www.lerepertoire.com\/blog\/fr\/\",\"name\":\"Blog\",\"description\":\"Le R\u00e9pertoire\",\"potentialAction\":[{\"@type\":\"SearchAction\",\"target\":{\"@type\":\"EntryPoint\",\"urlTemplate\":\"https:\/\/www.lerepertoire.com\/blog\/fr\/?s={search_term_string}\"},\"query-input\":{\"@type\":\"PropertyValueSpecification\",\"valueRequired\":true,\"valueName\":\"search_term_string\"}}],\"inLanguage\":\"fr-FR\"},{\"@type\":\"Person\",\"@id\":\"https:\/\/www.lerepertoire.com\/blog\/fr\/#\/schema\/person\/febaa3a863e3d7bf7843bf40bc0a4a21\",\"name\":\"lerepertoire\",\"image\":{\"@type\":\"ImageObject\",\"inLanguage\":\"fr-FR\",\"@id\":\"https:\/\/www.lerepertoire.com\/blog\/fr\/#\/schema\/person\/image\/\",\"url\":\"https:\/\/secure.gravatar.com\/avatar\/c4a0b0c8d04c6df59110ffe77580a28b30c90310e3ccd09dfc219bb00c70b59f?s=96&d=mm&r=g\",\"contentUrl\":\"https:\/\/secure.gravatar.com\/avatar\/c4a0b0c8d04c6df59110ffe77580a28b30c90310e3ccd09dfc219bb00c70b59f?s=96&d=mm&r=g\",\"caption\":\"lerepertoire\"},\"url\":\"https:\/\/www.lerepertoire.com\/blog\/fr\/author\/lerepertoire\/\"}]}<\/script>\n<!-- \/ Yoast SEO plugin. -->","yoast_head_json":{"title":"La Maison C\u00e9cile : l\u2019art de vivre proven\u00e7al au printemps - Blog","robots":{"index":"index","follow":"follow","max-snippet":"max-snippet:-1","max-image-preview":"max-image-preview:large","max-video-preview":"max-video-preview:-1"},"canonical":"https:\/\/www.lerepertoire.com\/blog\/fr\/elementor-234\/","og_locale":"fr_FR","og_type":"article","og_title":"La Maison C\u00e9cile : l\u2019art de vivre proven\u00e7al au printemps - Blog","og_description":"La Maison C\u00e9cile : l&rsquo;art de vivre proven\u00e7al au printemps\u200b Avec l\u2019arriv\u00e9e du printemps, la Provence se r\u00e9veille sous un...","og_url":"https:\/\/www.lerepertoire.com\/blog\/fr\/elementor-234\/","og_site_name":"Blog","article_published_time":"2025-03-28T14:54:30+00:00","article_modified_time":"2025-03-28T15:14:53+00:00","og_image":[{"width":1707,"height":2560,"url":"https:\/\/www.lerepertoire.com\/blog\/wp-content\/uploads\/2025\/03\/AlisonDoffe_Portrait-LeRepertoire-PernesLesFontaines_MaisonCecile-HD-004-scaled.jpg","type":"image\/jpeg"}],"author":"lerepertoire","twitter_card":"summary_large_image","twitter_misc":{"\u00c9crit par":"lerepertoire","Dur\u00e9e de lecture estim\u00e9e":"3 minutes"},"schema":{"@context":"https:\/\/schema.org","@graph":[{"@type":"WebPage","@id":"https:\/\/www.lerepertoire.com\/blog\/fr\/elementor-234\/","url":"https:\/\/www.lerepertoire.com\/blog\/fr\/elementor-234\/","name":"La Maison C\u00e9cile : l\u2019art de vivre proven\u00e7al au printemps - Blog","isPartOf":{"@id":"https:\/\/www.lerepertoire.com\/blog\/fr\/#website"},"primaryImageOfPage":{"@id":"https:\/\/www.lerepertoire.com\/blog\/fr\/elementor-234\/#primaryimage"},"image":{"@id":"https:\/\/www.lerepertoire.com\/blog\/fr\/elementor-234\/#primaryimage"},"thumbnailUrl":"https:\/\/www.lerepertoire.com\/blog\/wp-content\/uploads\/2025\/03\/AlisonDoffe_Portrait-LeRepertoire-PernesLesFontaines_MaisonCecile-HD-004-scaled.jpg","datePublished":"2025-03-28T14:54:30+00:00","dateModified":"2025-03-28T15:14:53+00:00","author":{"@id":"https:\/\/www.lerepertoire.com\/blog\/fr\/#\/schema\/person\/febaa3a863e3d7bf7843bf40bc0a4a21"},"breadcrumb":{"@id":"https:\/\/www.lerepertoire.com\/blog\/fr\/elementor-234\/#breadcrumb"},"inLanguage":"fr-FR","potentialAction":[{"@type":"ReadAction","target":["https:\/\/www.lerepertoire.com\/blog\/fr\/elementor-234\/"]}]},{"@type":"ImageObject","inLanguage":"fr-FR","@id":"https:\/\/www.lerepertoire.com\/blog\/fr\/elementor-234\/#primaryimage","url":"https:\/\/www.lerepertoire.com\/blog\/wp-content\/uploads\/2025\/03\/AlisonDoffe_Portrait-LeRepertoire-PernesLesFontaines_MaisonCecile-HD-004-scaled.jpg","contentUrl":"https:\/\/www.lerepertoire.com\/blog\/wp-content\/uploads\/2025\/03\/AlisonDoffe_Portrait-LeRepertoire-PernesLesFontaines_MaisonCecile-HD-004-scaled.jpg","width":1707,"height":2560},{"@type":"BreadcrumbList","@id":"https:\/\/www.lerepertoire.com\/blog\/fr\/elementor-234\/#breadcrumb","itemListElement":[{"@type":"ListItem","position":1,"name":"Home","item":"https:\/\/www.lerepertoire.com\/blog\/fr\/"},{"@type":"ListItem","position":2,"name":"La Maison C\u00e9cile : l\u2019art de vivre proven\u00e7al au printemps"}]},{"@type":"WebSite","@id":"https:\/\/www.lerepertoire.com\/blog\/fr\/#website","url":"https:\/\/www.lerepertoire.com\/blog\/fr\/","name":"Blog","description":"Le R\u00e9pertoire","potentialAction":[{"@type":"SearchAction","target":{"@type":"EntryPoint","urlTemplate":"https:\/\/www.lerepertoire.com\/blog\/fr\/?s={search_term_string}"},"query-input":{"@type":"PropertyValueSpecification","valueRequired":true,"valueName":"search_term_string"}}],"inLanguage":"fr-FR"},{"@type":"Person","@id":"https:\/\/www.lerepertoire.com\/blog\/fr\/#\/schema\/person\/febaa3a863e3d7bf7843bf40bc0a4a21","name":"lerepertoire","image":{"@type":"ImageObject","inLanguage":"fr-FR","@id":"https:\/\/www.lerepertoire.com\/blog\/fr\/#\/schema\/person\/image\/","url":"https:\/\/secure.gravatar.com\/avatar\/c4a0b0c8d04c6df59110ffe77580a28b30c90310e3ccd09dfc219bb00c70b59f?s=96&d=mm&r=g","contentUrl":"https:\/\/secure.gravatar.com\/avatar\/c4a0b0c8d04c6df59110ffe77580a28b30c90310e3ccd09dfc219bb00c70b59f?s=96&d=mm&r=g","caption":"lerepertoire"},"url":"https:\/\/www.lerepertoire.com\/blog\/fr\/author\/lerepertoire\/"}]}},"_links":{"self":[{"href":"https:\/\/www.lerepertoire.com\/blog\/fr\/wp-json\/wp\/v2\/posts\/234","targetHints":{"allow":["GET"]}}],"collection":[{"href":"https:\/\/www.lerepertoire.com\/blog\/fr\/wp-json\/wp\/v2\/posts"}],"about":[{"href":"https:\/\/www.lerepertoire.com\/blog\/fr\/wp-json\/wp\/v2\/types\/post"}],"author":[{"embeddable":true,"href":"https:\/\/www.lerepertoire.com\/blog\/fr\/wp-json\/wp\/v2\/users\/2"}],"replies":[{"embeddable":true,"href":"https:\/\/www.lerepertoire.com\/blog\/fr\/wp-json\/wp\/v2\/comments?post=234"}],"version-history":[{"count":5,"href":"https:\/\/www.lerepertoire.com\/blog\/fr\/wp-json\/wp\/v2\/posts\/234\/revisions"}],"predecessor-version":[{"id":244,"href":"https:\/\/www.lerepertoire.com\/blog\/fr\/wp-json\/wp\/v2\/posts\/234\/revisions\/244"}],"wp:featuredmedia":[{"embeddable":true,"href":"https:\/\/www.lerepertoire.com\/blog\/fr\/wp-json\/wp\/v2\/media\/225"}],"wp:attachment":[{"href":"https:\/\/www.lerepertoire.com\/blog\/fr\/wp-json\/wp\/v2\/media?parent=234"}],"wp:term":[{"taxonomy":"category","embeddable":true,"href":"https:\/\/www.lerepertoire.com\/blog\/fr\/wp-json\/wp\/v2\/categories?post=234"},{"taxonomy":"post_tag","embeddable":true,"href":"https:\/\/www.lerepertoire.com\/blog\/fr\/wp-json\/wp\/v2\/tags?post=234"}],"curies":[{"name":"wp","href":"https:\/\/api.w.org\/{rel}","templated":true}]}}