{"id":160,"date":"2025-02-03T11:33:51","date_gmt":"2025-02-03T11:33:51","guid":{"rendered":"https:\/\/www.lerepertoire.com\/blog\/?p=160"},"modified":"2025-02-03T11:40:29","modified_gmt":"2025-02-03T11:40:29","slug":"elementor-160","status":"publish","type":"post","link":"https:\/\/www.lerepertoire.com\/blog\/fr\/elementor-160\/","title":{"rendered":"L\u2019hiver en Provence, une saison douce et envo\u00fbtante \u00e0 Pernes-les-Fontaines"},"content":{"rendered":"\t\t<div data-elementor-type=\"wp-post\" data-elementor-id=\"160\" class=\"elementor elementor-160\">\n\t\t\t\t<div class=\"elementor-element elementor-element-b8d8b5f e-flex e-con-boxed e-con e-parent\" data-id=\"b8d8b5f\" data-element_type=\"container\">\n\t\t\t\t\t<div class=\"e-con-inner\">\n\t\t\t\t<div class=\"elementor-element elementor-element-fdd1335 elementor-widget elementor-widget-heading\" data-id=\"fdd1335\" data-element_type=\"widget\" data-widget_type=\"heading.default\">\n\t\t\t\t<div class=\"elementor-widget-container\">\n\t\t\t\t\t<h2 class=\"elementor-heading-title elementor-size-default\">L\u2019hiver en Provence, une saison douce et envo\u00fbtante \u00e0 Pernes-les-Fontaines<\/h2>\t\t\t\t<\/div>\n\t\t\t\t<\/div>\n\t\t\t\t<div class=\"elementor-element elementor-element-6d55b9e elementor-widget elementor-widget-text-editor\" data-id=\"6d55b9e\" data-element_type=\"widget\" data-widget_type=\"text-editor.default\">\n\t\t\t\t<div class=\"elementor-widget-container\">\n\t\t\t\t\t\t\t\t\t<p data-pm-slice=\"1 1 []\">Loin des foules estivales et de la chaleur accablante de l&rsquo;\u00e9t\u00e9, l&rsquo;hiver en Provence offre un visage plus intime et authentique. \u00c0 Pernes-les-Fontaines, cette saison r\u00e9v\u00e8le un charme particulier, fait de lumi\u00e8re douce, de paysages apais\u00e9s et de traditions hivernales chaleureuses. Voici pourquoi il fait bon profiter de l\u2019hiver en Provence.<\/p>\t\t\t\t\t\t\t\t<\/div>\n\t\t\t\t<\/div>\n\t\t\t\t<div class=\"elementor-element elementor-element-4a61135 elementor-widget elementor-widget-text-editor\" data-id=\"4a61135\" data-element_type=\"widget\" data-widget_type=\"text-editor.default\">\n\t\t\t\t<div class=\"elementor-widget-container\">\n\t\t\t\t\t\t\t\t\t<p>Contrairement aux hivers rigoureux du nord de la France, la Provence b\u00e9n\u00e9ficie d\u2019un climat relativement doux. \u00c0 Pernes-les-Fontaines, les temp\u00e9ratures oscillent g\u00e9n\u00e9ralement entre 5 et 15\u00b0C en journ\u00e9e, bien que le mistral puisse parfois rafra\u00eechir l\u2019atmosph\u00e8re. Le ciel, souvent d\u00e9gag\u00e9, offre une luminosit\u00e9 exceptionnelle, id\u00e9ale pour les balades en plein air.<\/p>\t\t\t\t\t\t\t\t<\/div>\n\t\t\t\t<\/div>\n\t\t\t\t<div class=\"elementor-element elementor-element-ddecbb4 elementor-widget elementor-widget-image\" data-id=\"ddecbb4\" data-element_type=\"widget\" data-widget_type=\"image.default\">\n\t\t\t\t<div class=\"elementor-widget-container\">\n\t\t\t\t\t\t\t\t\t\t\t\t\t\t\t<img decoding=\"async\" src=\"https:\/\/www.lerepertoire.com\/blog\/wp-content\/uploads\/elementor\/thumbs\/IMG_9807-scaled-r0yhbeyx77l3knijfnrone8i2nazctdh4rbg2xw0jk.jpeg\" title=\"IMG_9807\" alt=\"IMG_9807\" loading=\"lazy\" \/>\t\t\t\t\t\t\t\t\t\t\t\t\t\t\t<\/div>\n\t\t\t\t<\/div>\n\t\t\t\t<div class=\"elementor-element elementor-element-4c1dd89 elementor-widget elementor-widget-text-editor\" data-id=\"4c1dd89\" data-element_type=\"widget\" data-widget_type=\"text-editor.default\">\n\t\t\t\t<div class=\"elementor-widget-container\">\n\t\t\t\t\t\t\t\t\t<p>L\u2019hiver transforme la Provence et lui conf\u00e8re une ambiance paisible. Les sommets du Mont Ventoux se parent d\u2019un manteau blanc, attirant les amateurs de randonn\u00e9e et de paysages enneig\u00e9s. Dans la plaine, les oliviers et les cypr\u00e8s se d\u00e9coupent sur un ciel bleu limpide, tandis que les vignobles au repos offrent des panoramas aux teintes dor\u00e9es et brunes.<\/p>\t\t\t\t\t\t\t\t<\/div>\n\t\t\t\t<\/div>\n\t\t\t\t<div class=\"elementor-element elementor-element-04c78bc elementor-widget elementor-widget-text-editor\" data-id=\"04c78bc\" data-element_type=\"widget\" data-widget_type=\"text-editor.default\">\n\t\t\t\t<div class=\"elementor-widget-container\">\n\t\t\t\t\t\t\t\t\t<p>Les sentiers autour de Pernes et du Mont Ventoux sont parfaits pour des randonn\u00e9es vivifiantes, loin de la chaleur estivale. Le canal de Carpentras et les Monts du Vaucluse offrent de superbes itin\u00e9raires. Les march\u00e9s proven\u00e7aux continuent de battre leur plein, proposant des produits de saison comme la truffe noire du Vaucluse, les courges et les fromages affin\u00e9s. Le march\u00e9 de Carpentras, r\u00e9put\u00e9 pour ses truffes, est un rendez-vous incontournable. L\u2019hiver est \u00e9galement id\u00e9al pour visiter les caves viticoles et d\u00e9guster les vins des C\u00f4tes-du-Ventoux ou des C\u00f4tes-du-Rh\u00f4ne dans une ambiance plus feutr\u00e9e. Loin de la foule, c\u2019est le moment parfait pour explorer le riche patrimoine de Pernes-les-Fontaines, avec ses 40 fontaines, ses portes m\u00e9di\u00e9vales et son march\u00e9 de No\u00ebl traditionnel. Pour les amateurs de glisse, la station du Mont Serein, sur les pentes du Mont Ventoux, permet de pratiquer le ski alpin, la luge ou encore des randonn\u00e9es en raquettes.<\/p>\t\t\t\t\t\t\t\t<\/div>\n\t\t\t\t<\/div>\n\t\t\t\t<div class=\"elementor-element elementor-element-863f614 elementor-widget elementor-widget-image\" data-id=\"863f614\" data-element_type=\"widget\" data-widget_type=\"image.default\">\n\t\t\t\t<div class=\"elementor-widget-container\">\n\t\t\t\t\t\t\t\t\t\t\t\t\t\t\t<img decoding=\"async\" src=\"https:\/\/www.lerepertoire.com\/blog\/wp-content\/uploads\/elementor\/thumbs\/IMG_9990-scaled-r0yk45c9043e7jsb6s702hmnjfxck5nnc6n1i8k0jq.jpeg\" title=\"IMG_9990\" alt=\"IMG_9990\" loading=\"lazy\" \/>\t\t\t\t\t\t\t\t\t\t\t\t\t\t\t<\/div>\n\t\t\t\t<\/div>\n\t\t\t\t<div class=\"elementor-element elementor-element-dcdc741 elementor-widget elementor-widget-text-editor\" data-id=\"dcdc741\" data-element_type=\"widget\" data-widget_type=\"text-editor.default\">\n\t\t\t\t<div class=\"elementor-widget-container\">\n\t\t\t\t\t\t\t\t\t<p>L\u2019un des grands avantages de l\u2019hiver en Provence est qu\u2019il y a moins de touristes, ce qui permet de profiter des sites culturels et des paysages en toute tranquillit\u00e9. Les prix des h\u00e9bergements et des restaurants sont souvent plus attractifs qu\u2019en haute saison. L\u2019ambiance est aussi plus conviviale et authentique, car les Proven\u00e7aux prennent le temps de se retrouver, loin de l\u2019effervescence estivale.<\/p>\t\t\t\t\t\t\t\t<\/div>\n\t\t\t\t<\/div>\n\t\t\t\t\t<\/div>\n\t\t\t\t<\/div>\n\t\t<div class=\"elementor-element elementor-element-1f40779 e-flex e-con-boxed e-con e-parent\" data-id=\"1f40779\" data-element_type=\"container\">\n\t\t\t\t\t<div class=\"e-con-inner\">\n\t\t\t\t<div class=\"elementor-element elementor-element-2c99532 elementor-widget elementor-widget-text-editor\" data-id=\"2c99532\" data-element_type=\"widget\" data-widget_type=\"text-editor.default\">\n\t\t\t\t<div class=\"elementor-widget-container\">\n\t\t\t\t\t\t\t\t\t<p>Que vous soyez amateur de nature, de gastronomie ou de culture, l\u2019hiver \u00e0 Pernes-les-Fontaines a de quoi vous s\u00e9duire. Entre douceur du climat, activit\u00e9s vari\u00e9es et atmosph\u00e8re paisible, cette saison est l\u2019occasion id\u00e9ale pour d\u00e9couvrir la r\u00e9gion autrement.<\/p>\t\t\t\t\t\t\t\t<\/div>\n\t\t\t\t<\/div>\n\t\t\t\t\t<\/div>\n\t\t\t\t<\/div>\n\t\t<div class=\"elementor-element elementor-element-30eeeac e-flex e-con-boxed e-con e-parent\" data-id=\"30eeeac\" data-element_type=\"container\">\n\t\t\t\t\t<div class=\"e-con-inner\">\n\t\t\t\t\t<\/div>\n\t\t\t\t<\/div>\n\t\t\t\t<\/div>\n\t\t","protected":false},"excerpt":{"rendered":"<p>L\u2019hiver en Provence, une saison douce et envo\u00fbtante \u00e0 Pernes-les-Fontaines Loin des foules estivales et de la chaleur accablante de&#8230;<\/p>\n","protected":false},"author":2,"featured_media":206,"comment_status":"open","ping_status":"open","sticky":false,"template":"","format":"standard","meta":{"footnotes":""},"categories":[9],"tags":[],"class_list":["post-160","post","type-post","status-publish","format-standard","has-post-thumbnail","hentry","category-pernes-les-fontaines"],"yoast_head":"<!-- This site is optimized with the Yoast SEO plugin v26.4 - https:\/\/yoast.com\/wordpress\/plugins\/seo\/ -->\n<title>L\u2019hiver en Provence, une saison douce et envo\u00fbtante \u00e0 Pernes-les-Fontaines - Blog<\/title>\n<meta name=\"robots\" content=\"index, follow, max-snippet:-1, max-image-preview:large, max-video-preview:-1\" \/>\n<link rel=\"canonical\" href=\"https:\/\/www.lerepertoire.com\/blog\/fr\/elementor-160\/\" \/>\n<meta property=\"og:locale\" content=\"fr_FR\" \/>\n<meta property=\"og:type\" content=\"article\" \/>\n<meta property=\"og:title\" content=\"L\u2019hiver en Provence, une saison douce et envo\u00fbtante \u00e0 Pernes-les-Fontaines - Blog\" \/>\n<meta property=\"og:description\" content=\"L\u2019hiver en Provence, une saison douce et envo\u00fbtante \u00e0 Pernes-les-Fontaines Loin des foules estivales et de la chaleur accablante de...\" \/>\n<meta property=\"og:url\" content=\"https:\/\/www.lerepertoire.com\/blog\/fr\/elementor-160\/\" \/>\n<meta property=\"og:site_name\" content=\"Blog\" \/>\n<meta property=\"article:published_time\" content=\"2025-02-03T11:33:51+00:00\" \/>\n<meta property=\"article:modified_time\" content=\"2025-02-03T11:40:29+00:00\" \/>\n<meta property=\"og:image\" content=\"https:\/\/www.lerepertoire.com\/blog\/wp-content\/uploads\/2025\/02\/375b17fe33d115914249dd893e161a2d.jpeg\" \/>\n\t<meta property=\"og:image:width\" content=\"474\" \/>\n\t<meta property=\"og:image:height\" content=\"711\" \/>\n\t<meta property=\"og:image:type\" content=\"image\/jpeg\" \/>\n<meta name=\"author\" content=\"lerepertoire\" \/>\n<meta name=\"twitter:card\" content=\"summary_large_image\" \/>\n<meta name=\"twitter:label1\" content=\"\u00c9crit par\" \/>\n\t<meta name=\"twitter:data1\" content=\"lerepertoire\" \/>\n\t<meta name=\"twitter:label2\" content=\"Dur\u00e9e de lecture estim\u00e9e\" \/>\n\t<meta name=\"twitter:data2\" content=\"3 minutes\" \/>\n<script type=\"application\/ld+json\" class=\"yoast-schema-graph\">{\"@context\":\"https:\/\/schema.org\",\"@graph\":[{\"@type\":\"WebPage\",\"@id\":\"https:\/\/www.lerepertoire.com\/blog\/fr\/elementor-160\/\",\"url\":\"https:\/\/www.lerepertoire.com\/blog\/fr\/elementor-160\/\",\"name\":\"L\u2019hiver en Provence, une saison douce et envo\u00fbtante \u00e0 Pernes-les-Fontaines - Blog\",\"isPartOf\":{\"@id\":\"https:\/\/www.lerepertoire.com\/blog\/fr\/#website\"},\"primaryImageOfPage\":{\"@id\":\"https:\/\/www.lerepertoire.com\/blog\/fr\/elementor-160\/#primaryimage\"},\"image\":{\"@id\":\"https:\/\/www.lerepertoire.com\/blog\/fr\/elementor-160\/#primaryimage\"},\"thumbnailUrl\":\"https:\/\/www.lerepertoire.com\/blog\/wp-content\/uploads\/2025\/02\/375b17fe33d115914249dd893e161a2d.jpeg\",\"datePublished\":\"2025-02-03T11:33:51+00:00\",\"dateModified\":\"2025-02-03T11:40:29+00:00\",\"author\":{\"@id\":\"https:\/\/www.lerepertoire.com\/blog\/fr\/#\/schema\/person\/febaa3a863e3d7bf7843bf40bc0a4a21\"},\"breadcrumb\":{\"@id\":\"https:\/\/www.lerepertoire.com\/blog\/fr\/elementor-160\/#breadcrumb\"},\"inLanguage\":\"fr-FR\",\"potentialAction\":[{\"@type\":\"ReadAction\",\"target\":[\"https:\/\/www.lerepertoire.com\/blog\/fr\/elementor-160\/\"]}]},{\"@type\":\"ImageObject\",\"inLanguage\":\"fr-FR\",\"@id\":\"https:\/\/www.lerepertoire.com\/blog\/fr\/elementor-160\/#primaryimage\",\"url\":\"https:\/\/www.lerepertoire.com\/blog\/wp-content\/uploads\/2025\/02\/375b17fe33d115914249dd893e161a2d.jpeg\",\"contentUrl\":\"https:\/\/www.lerepertoire.com\/blog\/wp-content\/uploads\/2025\/02\/375b17fe33d115914249dd893e161a2d.jpeg\",\"width\":474,\"height\":711},{\"@type\":\"BreadcrumbList\",\"@id\":\"https:\/\/www.lerepertoire.com\/blog\/fr\/elementor-160\/#breadcrumb\",\"itemListElement\":[{\"@type\":\"ListItem\",\"position\":1,\"name\":\"Home\",\"item\":\"https:\/\/www.lerepertoire.com\/blog\/fr\/\"},{\"@type\":\"ListItem\",\"position\":2,\"name\":\"L\u2019hiver en Provence, une saison douce et envo\u00fbtante \u00e0 Pernes-les-Fontaines\"}]},{\"@type\":\"WebSite\",\"@id\":\"https:\/\/www.lerepertoire.com\/blog\/fr\/#website\",\"url\":\"https:\/\/www.lerepertoire.com\/blog\/fr\/\",\"name\":\"Blog\",\"description\":\"Le R\u00e9pertoire\",\"potentialAction\":[{\"@type\":\"SearchAction\",\"target\":{\"@type\":\"EntryPoint\",\"urlTemplate\":\"https:\/\/www.lerepertoire.com\/blog\/fr\/?s={search_term_string}\"},\"query-input\":{\"@type\":\"PropertyValueSpecification\",\"valueRequired\":true,\"valueName\":\"search_term_string\"}}],\"inLanguage\":\"fr-FR\"},{\"@type\":\"Person\",\"@id\":\"https:\/\/www.lerepertoire.com\/blog\/fr\/#\/schema\/person\/febaa3a863e3d7bf7843bf40bc0a4a21\",\"name\":\"lerepertoire\",\"image\":{\"@type\":\"ImageObject\",\"inLanguage\":\"fr-FR\",\"@id\":\"https:\/\/www.lerepertoire.com\/blog\/fr\/#\/schema\/person\/image\/\",\"url\":\"https:\/\/secure.gravatar.com\/avatar\/c4a0b0c8d04c6df59110ffe77580a28b30c90310e3ccd09dfc219bb00c70b59f?s=96&d=mm&r=g\",\"contentUrl\":\"https:\/\/secure.gravatar.com\/avatar\/c4a0b0c8d04c6df59110ffe77580a28b30c90310e3ccd09dfc219bb00c70b59f?s=96&d=mm&r=g\",\"caption\":\"lerepertoire\"},\"url\":\"https:\/\/www.lerepertoire.com\/blog\/fr\/author\/lerepertoire\/\"}]}<\/script>\n<!-- \/ Yoast SEO plugin. -->","yoast_head_json":{"title":"L\u2019hiver en Provence, une saison douce et envo\u00fbtante \u00e0 Pernes-les-Fontaines - Blog","robots":{"index":"index","follow":"follow","max-snippet":"max-snippet:-1","max-image-preview":"max-image-preview:large","max-video-preview":"max-video-preview:-1"},"canonical":"https:\/\/www.lerepertoire.com\/blog\/fr\/elementor-160\/","og_locale":"fr_FR","og_type":"article","og_title":"L\u2019hiver en Provence, une saison douce et envo\u00fbtante \u00e0 Pernes-les-Fontaines - Blog","og_description":"L\u2019hiver en Provence, une saison douce et envo\u00fbtante \u00e0 Pernes-les-Fontaines Loin des foules estivales et de la chaleur accablante de...","og_url":"https:\/\/www.lerepertoire.com\/blog\/fr\/elementor-160\/","og_site_name":"Blog","article_published_time":"2025-02-03T11:33:51+00:00","article_modified_time":"2025-02-03T11:40:29+00:00","og_image":[{"width":474,"height":711,"url":"https:\/\/www.lerepertoire.com\/blog\/wp-content\/uploads\/2025\/02\/375b17fe33d115914249dd893e161a2d.jpeg","type":"image\/jpeg"}],"author":"lerepertoire","twitter_card":"summary_large_image","twitter_misc":{"\u00c9crit par":"lerepertoire","Dur\u00e9e de lecture estim\u00e9e":"3 minutes"},"schema":{"@context":"https:\/\/schema.org","@graph":[{"@type":"WebPage","@id":"https:\/\/www.lerepertoire.com\/blog\/fr\/elementor-160\/","url":"https:\/\/www.lerepertoire.com\/blog\/fr\/elementor-160\/","name":"L\u2019hiver en Provence, une saison douce et envo\u00fbtante \u00e0 Pernes-les-Fontaines - Blog","isPartOf":{"@id":"https:\/\/www.lerepertoire.com\/blog\/fr\/#website"},"primaryImageOfPage":{"@id":"https:\/\/www.lerepertoire.com\/blog\/fr\/elementor-160\/#primaryimage"},"image":{"@id":"https:\/\/www.lerepertoire.com\/blog\/fr\/elementor-160\/#primaryimage"},"thumbnailUrl":"https:\/\/www.lerepertoire.com\/blog\/wp-content\/uploads\/2025\/02\/375b17fe33d115914249dd893e161a2d.jpeg","datePublished":"2025-02-03T11:33:51+00:00","dateModified":"2025-02-03T11:40:29+00:00","author":{"@id":"https:\/\/www.lerepertoire.com\/blog\/fr\/#\/schema\/person\/febaa3a863e3d7bf7843bf40bc0a4a21"},"breadcrumb":{"@id":"https:\/\/www.lerepertoire.com\/blog\/fr\/elementor-160\/#breadcrumb"},"inLanguage":"fr-FR","potentialAction":[{"@type":"ReadAction","target":["https:\/\/www.lerepertoire.com\/blog\/fr\/elementor-160\/"]}]},{"@type":"ImageObject","inLanguage":"fr-FR","@id":"https:\/\/www.lerepertoire.com\/blog\/fr\/elementor-160\/#primaryimage","url":"https:\/\/www.lerepertoire.com\/blog\/wp-content\/uploads\/2025\/02\/375b17fe33d115914249dd893e161a2d.jpeg","contentUrl":"https:\/\/www.lerepertoire.com\/blog\/wp-content\/uploads\/2025\/02\/375b17fe33d115914249dd893e161a2d.jpeg","width":474,"height":711},{"@type":"BreadcrumbList","@id":"https:\/\/www.lerepertoire.com\/blog\/fr\/elementor-160\/#breadcrumb","itemListElement":[{"@type":"ListItem","position":1,"name":"Home","item":"https:\/\/www.lerepertoire.com\/blog\/fr\/"},{"@type":"ListItem","position":2,"name":"L\u2019hiver en Provence, une saison douce et envo\u00fbtante \u00e0 Pernes-les-Fontaines"}]},{"@type":"WebSite","@id":"https:\/\/www.lerepertoire.com\/blog\/fr\/#website","url":"https:\/\/www.lerepertoire.com\/blog\/fr\/","name":"Blog","description":"Le R\u00e9pertoire","potentialAction":[{"@type":"SearchAction","target":{"@type":"EntryPoint","urlTemplate":"https:\/\/www.lerepertoire.com\/blog\/fr\/?s={search_term_string}"},"query-input":{"@type":"PropertyValueSpecification","valueRequired":true,"valueName":"search_term_string"}}],"inLanguage":"fr-FR"},{"@type":"Person","@id":"https:\/\/www.lerepertoire.com\/blog\/fr\/#\/schema\/person\/febaa3a863e3d7bf7843bf40bc0a4a21","name":"lerepertoire","image":{"@type":"ImageObject","inLanguage":"fr-FR","@id":"https:\/\/www.lerepertoire.com\/blog\/fr\/#\/schema\/person\/image\/","url":"https:\/\/secure.gravatar.com\/avatar\/c4a0b0c8d04c6df59110ffe77580a28b30c90310e3ccd09dfc219bb00c70b59f?s=96&d=mm&r=g","contentUrl":"https:\/\/secure.gravatar.com\/avatar\/c4a0b0c8d04c6df59110ffe77580a28b30c90310e3ccd09dfc219bb00c70b59f?s=96&d=mm&r=g","caption":"lerepertoire"},"url":"https:\/\/www.lerepertoire.com\/blog\/fr\/author\/lerepertoire\/"}]}},"_links":{"self":[{"href":"https:\/\/www.lerepertoire.com\/blog\/fr\/wp-json\/wp\/v2\/posts\/160","targetHints":{"allow":["GET"]}}],"collection":[{"href":"https:\/\/www.lerepertoire.com\/blog\/fr\/wp-json\/wp\/v2\/posts"}],"about":[{"href":"https:\/\/www.lerepertoire.com\/blog\/fr\/wp-json\/wp\/v2\/types\/post"}],"author":[{"embeddable":true,"href":"https:\/\/www.lerepertoire.com\/blog\/fr\/wp-json\/wp\/v2\/users\/2"}],"replies":[{"embeddable":true,"href":"https:\/\/www.lerepertoire.com\/blog\/fr\/wp-json\/wp\/v2\/comments?post=160"}],"version-history":[{"count":15,"href":"https:\/\/www.lerepertoire.com\/blog\/fr\/wp-json\/wp\/v2\/posts\/160\/revisions"}],"predecessor-version":[{"id":198,"href":"https:\/\/www.lerepertoire.com\/blog\/fr\/wp-json\/wp\/v2\/posts\/160\/revisions\/198"}],"wp:featuredmedia":[{"embeddable":true,"href":"https:\/\/www.lerepertoire.com\/blog\/fr\/wp-json\/wp\/v2\/media\/206"}],"wp:attachment":[{"href":"https:\/\/www.lerepertoire.com\/blog\/fr\/wp-json\/wp\/v2\/media?parent=160"}],"wp:term":[{"taxonomy":"category","embeddable":true,"href":"https:\/\/www.lerepertoire.com\/blog\/fr\/wp-json\/wp\/v2\/categories?post=160"},{"taxonomy":"post_tag","embeddable":true,"href":"https:\/\/www.lerepertoire.com\/blog\/fr\/wp-json\/wp\/v2\/tags?post=160"}],"curies":[{"name":"wp","href":"https:\/\/api.w.org\/{rel}","templated":true}]}}